{"id":23013,"date":"2023-06-17T09:50:02","date_gmt":"2023-06-17T06:50:02","guid":{"rendered":"https:\/\/msfilmfestival.fi\/?p=23013"},"modified":"2023-06-17T09:50:36","modified_gmt":"2023-06-17T06:50:36","slug":"june-16-morning-discussion-with-emmanuel-mouret","status":"publish","type":"post","link":"https:\/\/msfilmfestival.fi\/en\/june-16-morning-discussion-with-emmanuel-mouret\/","title":{"rendered":"June 16: Morning Discussion with Emmanuel Mouret"},"content":{"rendered":"<p>This year The Midnight Sun Film Festival presents to the audience director <b>Emmanuel Mouret<\/b> who has been relatively unknown in Finland until now but has a robust film career in France. Friday\u2019s morning discussion was a profound master class on the essentials of film making, the awkwardness of being human, and the value of putting in effort.<\/p>\n<p>Mouret studied at the famous La F\u00e9mis film school in Paris but in the he learned the toughest but also the most defining lessons during a short film production he did\u00a0 at the age of 19\u00a0 in which everything went wrong. On the third day of filming, the young director locked himself in his home, because he felt that he did not know how to direct his actors. Pushed by this setback and to better understand the art of acting and the medium of cinema Mouret studied theatre and American screenwriting manuals. With age, studies, and experience he managed to free himself from the weight of film history and the myth of a director who knows everything and never makes mistakes. \u201cI want to be honest: I am a director who does not know what he is doing and cannot hide the fact that he does not know.\u201d<\/p>\n<p>The awkwardness, complications, and contradictions of human life have become an endless treasure trove for Mouret who has depicted the intricacies of love life masterfully ever since his early summer love film <i>Venus and Fleur<\/i> (<i>V\u00e9nus et Fleur<\/i>, 2004) up until the study of attraction <i>Diary of a Fleeting Affair<\/i> (<i>Chronique d\u2019une liaison passag\u00e8re<\/i>, 2022) that premiered in Cannes last year. As a director Mouret wants to give space to the work of the actors interpreting their fickle characters as well as the viewer\u2019s need to learn yet a bit more about the film\u2019s story and to project their own thoughts and feelings onto it.<\/p>\n<p>Mouret urges the young movie makers and cinephiles to put in effort. Technical effortlessness will not help structure thoughts and optimising does not make for interesting art: \u201cAt some point screenwriting manuals advised to give maximum amount of information in as few words as possible. I think that\u2019s dumb! I want to give minimum amount of information in as many words as possible, then you can find something surprising in the midst of it all.\u201d<\/p>\n<p>For Mouret the beauty of cinema and literature is in making seemingly small and even intimate situations and stories passionate and important: \u201cI have always found interesting what philosopher <b>Stanley Cavell<\/b> writes about how to be good with all that passes through us.\u201d The characters in Mouret\u2019s films may mean well, but contradictions arise when the will to stay faithful to one\u2019s commitments pulls to one direction and the wish to stay true to one\u2019s own needs to a different one. The director does not warm up to <b>Olaf M\u00f6ller\u2019s<\/b> suggestion that he might leave relationship studies and start making thrillers but admits that maybe these contradictions that question the conventional morals are in themselves some sort of tiny thrillers \u2013 although without guns and car chases.<\/p>\n<p>Even though Mouret\u2019s family did not have a strong culture of going to cinema when he was growing up in Marseille, he has been making up for it by watching films and reading about them ever since his teens. The earliest fragments he remembers are slapstick comedies based on awkwardness: <b>Buster<\/b> <b>Keaton<\/b>, <b>Charles<\/b> <b>Chaplin<\/b>, <b>Jacques Tati,<\/b> and <b>Jerry Lewis<\/b>. His choice for a film he would take to a deserted island is also a joyful one: <b>Roberto Rossellini\u2019s<\/b> film on <b>Francis of Assisi<\/b> <i>The Flowers of St. Francis <\/i>(<i>Francesco, giullare di Dio<\/i>, 1950).<\/p>\n<p>&nbsp;<\/p>\n<p>Photo: Susanna Pesonen.<\/p>\n","protected":false},"excerpt":{"rendered":"This year The Midnight Sun Film Festival presents to the audience director Emmanuel Mouret who has been relatively unknown in Finland until now but has a robust film career in France. Friday\u2019s morning discussion was a profound master class on the essentials of film making, the awkwardness of being human, and the value of putting&#8230; <a class=\"view-article\" href=\"https:\/\/msfilmfestival.fi\/en\/june-16-morning-discussion-with-emmanuel-mouret\/\">View Article<\/a>","protected":false},"author":2,"featured_media":22930,"comment_status":"closed","ping_status":"closed","sticky":false,"template":"","format":"standard","meta":{"_acf_changed":false,"footnotes":""},"categories":[114],"tags":[],"class_list":["post-23013","post","type-post","status-publish","format-standard","has-post-thumbnail","hentry","category-morning-discussion"],"acf":[],"yoast_head":"<!-- This site is optimized with the Yoast SEO plugin v26.7 - https:\/\/yoast.com\/wordpress\/plugins\/seo\/ -->\n<title>June 16: Morning Discussion with Emmanuel Mouret &#8212; Midnight Sun Film Festival<\/title>\n<meta name=\"robots\" content=\"index, follow, max-snippet:-1, max-image-preview:large, max-video-preview:-1\" \/>\n<link rel=\"canonical\" href=\"https:\/\/msfilmfestival.fi\/en\/june-16-morning-discussion-with-emmanuel-mouret\/\" \/>\n<meta property=\"og:locale\" content=\"en_US\" \/>\n<meta property=\"og:type\" content=\"article\" \/>\n<meta property=\"og:title\" content=\"June 16: Morning Discussion with Emmanuel Mouret &#8212; Midnight Sun Film Festival\" \/>\n<meta property=\"og:description\" content=\"This year The Midnight Sun Film Festival presents to the audience director Emmanuel Mouret who has been relatively unknown in Finland until now but has a robust film career in France. Friday\u2019s morning discussion was a profound master class on the essentials of film making, the awkwardness of being human, and the value of putting... View Article\" \/>\n<meta property=\"og:url\" content=\"https:\/\/msfilmfestival.fi\/en\/june-16-morning-discussion-with-emmanuel-mouret\/\" \/>\n<meta property=\"og:site_name\" content=\"Midnight Sun Film Festival\" \/>\n<meta property=\"article:publisher\" content=\"https:\/\/www.facebook.com\/MidnightSunFilmFestival\/\" \/>\n<meta property=\"article:published_time\" content=\"2023-06-17T06:50:02+00:00\" \/>\n<meta property=\"article:modified_time\" content=\"2023-06-17T06:50:36+00:00\" \/>\n<meta property=\"og:image\" content=\"https:\/\/msfilmfestival.fi\/wp-content\/uploads\/2023\/06\/MSFF2023_ke15_SPE_02-scaled.jpg\" \/>\n\t<meta property=\"og:image:width\" content=\"1706\" \/>\n\t<meta property=\"og:image:height\" content=\"2560\" \/>\n\t<meta property=\"og:image:type\" content=\"image\/jpeg\" \/>\n<meta name=\"author\" content=\"press\" \/>\n<meta name=\"twitter:card\" content=\"summary_large_image\" \/>\n<meta name=\"twitter:creator\" content=\"@msfilmfest\" \/>\n<meta name=\"twitter:site\" content=\"@msfilmfest\" \/>\n<meta name=\"twitter:label1\" content=\"Written by\" \/>\n\t<meta name=\"twitter:data1\" content=\"press\" \/>\n\t<meta name=\"twitter:label2\" content=\"Est. reading time\" \/>\n\t<meta name=\"twitter:data2\" content=\"4 minutes\" \/>\n<script type=\"application\/ld+json\" class=\"yoast-schema-graph\">{\"@context\":\"https:\/\/schema.org\",\"@graph\":[{\"@type\":\"Article\",\"@id\":\"https:\/\/msfilmfestival.fi\/en\/june-16-morning-discussion-with-emmanuel-mouret\/#article\",\"isPartOf\":{\"@id\":\"https:\/\/msfilmfestival.fi\/en\/june-16-morning-discussion-with-emmanuel-mouret\/\"},\"author\":{\"name\":\"press\",\"@id\":\"https:\/\/msfilmfestival.fi\/#\/schema\/person\/e4c0931f1b9c7bb242229ad5588cb158\"},\"headline\":\"June 16: Morning Discussion with Emmanuel Mouret\",\"datePublished\":\"2023-06-17T06:50:02+00:00\",\"dateModified\":\"2023-06-17T06:50:36+00:00\",\"mainEntityOfPage\":{\"@id\":\"https:\/\/msfilmfestival.fi\/en\/june-16-morning-discussion-with-emmanuel-mouret\/\"},\"wordCount\":625,\"publisher\":{\"@id\":\"https:\/\/msfilmfestival.fi\/#organization\"},\"image\":{\"@id\":\"https:\/\/msfilmfestival.fi\/en\/june-16-morning-discussion-with-emmanuel-mouret\/#primaryimage\"},\"thumbnailUrl\":\"https:\/\/msfilmfestival.fi\/wp-content\/uploads\/2023\/06\/MSFF2023_ke15_SPE_02-scaled.jpg\",\"articleSection\":[\"Morning discussion\"],\"inLanguage\":\"en-US\"},{\"@type\":\"WebPage\",\"@id\":\"https:\/\/msfilmfestival.fi\/en\/june-16-morning-discussion-with-emmanuel-mouret\/\",\"url\":\"https:\/\/msfilmfestival.fi\/en\/june-16-morning-discussion-with-emmanuel-mouret\/\",\"name\":\"June 16: Morning Discussion with Emmanuel Mouret &#8212; Midnight Sun Film Festival\",\"isPartOf\":{\"@id\":\"https:\/\/msfilmfestival.fi\/#website\"},\"primaryImageOfPage\":{\"@id\":\"https:\/\/msfilmfestival.fi\/en\/june-16-morning-discussion-with-emmanuel-mouret\/#primaryimage\"},\"image\":{\"@id\":\"https:\/\/msfilmfestival.fi\/en\/june-16-morning-discussion-with-emmanuel-mouret\/#primaryimage\"},\"thumbnailUrl\":\"https:\/\/msfilmfestival.fi\/wp-content\/uploads\/2023\/06\/MSFF2023_ke15_SPE_02-scaled.jpg\",\"datePublished\":\"2023-06-17T06:50:02+00:00\",\"dateModified\":\"2023-06-17T06:50:36+00:00\",\"breadcrumb\":{\"@id\":\"https:\/\/msfilmfestival.fi\/en\/june-16-morning-discussion-with-emmanuel-mouret\/#breadcrumb\"},\"inLanguage\":\"en-US\",\"potentialAction\":[{\"@type\":\"ReadAction\",\"target\":[\"https:\/\/msfilmfestival.fi\/en\/june-16-morning-discussion-with-emmanuel-mouret\/\"]}]},{\"@type\":\"ImageObject\",\"inLanguage\":\"en-US\",\"@id\":\"https:\/\/msfilmfestival.fi\/en\/june-16-morning-discussion-with-emmanuel-mouret\/#primaryimage\",\"url\":\"https:\/\/msfilmfestival.fi\/wp-content\/uploads\/2023\/06\/MSFF2023_ke15_SPE_02-scaled.jpg\",\"contentUrl\":\"https:\/\/msfilmfestival.fi\/wp-content\/uploads\/2023\/06\/MSFF2023_ke15_SPE_02-scaled.jpg\",\"width\":1706,\"height\":2560,\"caption\":\"Midnight sun film festival 2023 Sodankyl\u00e4ss\u00e4 14.6.-18.6.2023. 15.6. Iso teltta Syd\u00e4men Asia(t) Emmanuel Mouret.\"},{\"@type\":\"BreadcrumbList\",\"@id\":\"https:\/\/msfilmfestival.fi\/en\/june-16-morning-discussion-with-emmanuel-mouret\/#breadcrumb\",\"itemListElement\":[{\"@type\":\"ListItem\",\"position\":1,\"name\":\"Etusivu\",\"item\":\"https:\/\/msfilmfestival.fi\/en\/\"},{\"@type\":\"ListItem\",\"position\":2,\"name\":\"Morning discussion\",\"item\":\"https:\/\/msfilmfestival.fi\/en\/category\/morning-discussion\/\"},{\"@type\":\"ListItem\",\"position\":3,\"name\":\"June 16: Morning Discussion with Emmanuel Mouret\"}]},{\"@type\":\"WebSite\",\"@id\":\"https:\/\/msfilmfestival.fi\/#website\",\"url\":\"https:\/\/msfilmfestival.fi\/\",\"name\":\"Midnight Sun Film Festival\",\"description\":\"Midnight Sun Film Festival - Sodankyl\u00e4n Elokuvajuhlat\",\"publisher\":{\"@id\":\"https:\/\/msfilmfestival.fi\/#organization\"},\"potentialAction\":[{\"@type\":\"SearchAction\",\"target\":{\"@type\":\"EntryPoint\",\"urlTemplate\":\"https:\/\/msfilmfestival.fi\/?s={search_term_string}\"},\"query-input\":{\"@type\":\"PropertyValueSpecification\",\"valueRequired\":true,\"valueName\":\"search_term_string\"}}],\"inLanguage\":\"en-US\"},{\"@type\":\"Organization\",\"@id\":\"https:\/\/msfilmfestival.fi\/#organization\",\"name\":\"Sodankyl\u00e4n elokuvajuhlat\",\"url\":\"https:\/\/msfilmfestival.fi\/\",\"logo\":{\"@type\":\"ImageObject\",\"inLanguage\":\"en-US\",\"@id\":\"https:\/\/msfilmfestival.fi\/#\/schema\/logo\/image\/\",\"url\":\"https:\/\/msfilmfestival.fi\/wp-content\/uploads\/2018\/06\/MSFF-LOGOx2-v2-e1496143012921.png\",\"contentUrl\":\"https:\/\/msfilmfestival.fi\/wp-content\/uploads\/2018\/06\/MSFF-LOGOx2-v2-e1496143012921.png\",\"width\":957,\"height\":77,\"caption\":\"Sodankyl\u00e4n elokuvajuhlat\"},\"image\":{\"@id\":\"https:\/\/msfilmfestival.fi\/#\/schema\/logo\/image\/\"},\"sameAs\":[\"https:\/\/www.facebook.com\/MidnightSunFilmFestival\/\",\"https:\/\/x.com\/msfilmfest\",\"https:\/\/www.instagram.com\/midnightsunfilmfestival\/\"]},{\"@type\":\"Person\",\"@id\":\"https:\/\/msfilmfestival.fi\/#\/schema\/person\/e4c0931f1b9c7bb242229ad5588cb158\",\"name\":\"press\",\"image\":{\"@type\":\"ImageObject\",\"inLanguage\":\"en-US\",\"@id\":\"https:\/\/msfilmfestival.fi\/#\/schema\/person\/image\/\",\"url\":\"https:\/\/secure.gravatar.com\/avatar\/80d2a480d3ccf09c554578c586cb8c53?s=96&d=mm&r=g\",\"contentUrl\":\"https:\/\/secure.gravatar.com\/avatar\/80d2a480d3ccf09c554578c586cb8c53?s=96&d=mm&r=g\",\"caption\":\"press\"},\"sameAs\":[\"https:\/\/msff.fi\"],\"url\":\"https:\/\/msfilmfestival.fi\/en\/author\/press\/\"}]}<\/script>\n<!-- \/ Yoast SEO plugin. -->","yoast_head_json":{"title":"June 16: Morning Discussion with Emmanuel Mouret &#8212; Midnight Sun Film Festival","robots":{"index":"index","follow":"follow","max-snippet":"max-snippet:-1","max-image-preview":"max-image-preview:large","max-video-preview":"max-video-preview:-1"},"canonical":"https:\/\/msfilmfestival.fi\/en\/june-16-morning-discussion-with-emmanuel-mouret\/","og_locale":"en_US","og_type":"article","og_title":"June 16: Morning Discussion with Emmanuel Mouret &#8212; Midnight Sun Film Festival","og_description":"This year The Midnight Sun Film Festival presents to the audience director Emmanuel Mouret who has been relatively unknown in Finland until now but has a robust film career in France. Friday\u2019s morning discussion was a profound master class on the essentials of film making, the awkwardness of being human, and the value of putting... View Article","og_url":"https:\/\/msfilmfestival.fi\/en\/june-16-morning-discussion-with-emmanuel-mouret\/","og_site_name":"Midnight Sun Film Festival","article_publisher":"https:\/\/www.facebook.com\/MidnightSunFilmFestival\/","article_published_time":"2023-06-17T06:50:02+00:00","article_modified_time":"2023-06-17T06:50:36+00:00","og_image":[{"width":1706,"height":2560,"url":"https:\/\/msfilmfestival.fi\/wp-content\/uploads\/2023\/06\/MSFF2023_ke15_SPE_02-scaled.jpg","type":"image\/jpeg"}],"author":"press","twitter_card":"summary_large_image","twitter_creator":"@msfilmfest","twitter_site":"@msfilmfest","twitter_misc":{"Written by":"press","Est. reading time":"4 minutes"},"schema":{"@context":"https:\/\/schema.org","@graph":[{"@type":"Article","@id":"https:\/\/msfilmfestival.fi\/en\/june-16-morning-discussion-with-emmanuel-mouret\/#article","isPartOf":{"@id":"https:\/\/msfilmfestival.fi\/en\/june-16-morning-discussion-with-emmanuel-mouret\/"},"author":{"name":"press","@id":"https:\/\/msfilmfestival.fi\/#\/schema\/person\/e4c0931f1b9c7bb242229ad5588cb158"},"headline":"June 16: Morning Discussion with Emmanuel Mouret","datePublished":"2023-06-17T06:50:02+00:00","dateModified":"2023-06-17T06:50:36+00:00","mainEntityOfPage":{"@id":"https:\/\/msfilmfestival.fi\/en\/june-16-morning-discussion-with-emmanuel-mouret\/"},"wordCount":625,"publisher":{"@id":"https:\/\/msfilmfestival.fi\/#organization"},"image":{"@id":"https:\/\/msfilmfestival.fi\/en\/june-16-morning-discussion-with-emmanuel-mouret\/#primaryimage"},"thumbnailUrl":"https:\/\/msfilmfestival.fi\/wp-content\/uploads\/2023\/06\/MSFF2023_ke15_SPE_02-scaled.jpg","articleSection":["Morning discussion"],"inLanguage":"en-US"},{"@type":"WebPage","@id":"https:\/\/msfilmfestival.fi\/en\/june-16-morning-discussion-with-emmanuel-mouret\/","url":"https:\/\/msfilmfestival.fi\/en\/june-16-morning-discussion-with-emmanuel-mouret\/","name":"June 16: Morning Discussion with Emmanuel Mouret &#8212; Midnight Sun Film Festival","isPartOf":{"@id":"https:\/\/msfilmfestival.fi\/#website"},"primaryImageOfPage":{"@id":"https:\/\/msfilmfestival.fi\/en\/june-16-morning-discussion-with-emmanuel-mouret\/#primaryimage"},"image":{"@id":"https:\/\/msfilmfestival.fi\/en\/june-16-morning-discussion-with-emmanuel-mouret\/#primaryimage"},"thumbnailUrl":"https:\/\/msfilmfestival.fi\/wp-content\/uploads\/2023\/06\/MSFF2023_ke15_SPE_02-scaled.jpg","datePublished":"2023-06-17T06:50:02+00:00","dateModified":"2023-06-17T06:50:36+00:00","breadcrumb":{"@id":"https:\/\/msfilmfestival.fi\/en\/june-16-morning-discussion-with-emmanuel-mouret\/#breadcrumb"},"inLanguage":"en-US","potentialAction":[{"@type":"ReadAction","target":["https:\/\/msfilmfestival.fi\/en\/june-16-morning-discussion-with-emmanuel-mouret\/"]}]},{"@type":"ImageObject","inLanguage":"en-US","@id":"https:\/\/msfilmfestival.fi\/en\/june-16-morning-discussion-with-emmanuel-mouret\/#primaryimage","url":"https:\/\/msfilmfestival.fi\/wp-content\/uploads\/2023\/06\/MSFF2023_ke15_SPE_02-scaled.jpg","contentUrl":"https:\/\/msfilmfestival.fi\/wp-content\/uploads\/2023\/06\/MSFF2023_ke15_SPE_02-scaled.jpg","width":1706,"height":2560,"caption":"Midnight sun film festival 2023 Sodankyl\u00e4ss\u00e4 14.6.-18.6.2023. 15.6. Iso teltta Syd\u00e4men Asia(t) Emmanuel Mouret."},{"@type":"BreadcrumbList","@id":"https:\/\/msfilmfestival.fi\/en\/june-16-morning-discussion-with-emmanuel-mouret\/#breadcrumb","itemListElement":[{"@type":"ListItem","position":1,"name":"Etusivu","item":"https:\/\/msfilmfestival.fi\/en\/"},{"@type":"ListItem","position":2,"name":"Morning discussion","item":"https:\/\/msfilmfestival.fi\/en\/category\/morning-discussion\/"},{"@type":"ListItem","position":3,"name":"June 16: Morning Discussion with Emmanuel Mouret"}]},{"@type":"WebSite","@id":"https:\/\/msfilmfestival.fi\/#website","url":"https:\/\/msfilmfestival.fi\/","name":"Midnight Sun Film Festival","description":"Midnight Sun Film Festival - Sodankyl\u00e4n Elokuvajuhlat","publisher":{"@id":"https:\/\/msfilmfestival.fi\/#organization"},"potentialAction":[{"@type":"SearchAction","target":{"@type":"EntryPoint","urlTemplate":"https:\/\/msfilmfestival.fi\/?s={search_term_string}"},"query-input":{"@type":"PropertyValueSpecification","valueRequired":true,"valueName":"search_term_string"}}],"inLanguage":"en-US"},{"@type":"Organization","@id":"https:\/\/msfilmfestival.fi\/#organization","name":"Sodankyl\u00e4n elokuvajuhlat","url":"https:\/\/msfilmfestival.fi\/","logo":{"@type":"ImageObject","inLanguage":"en-US","@id":"https:\/\/msfilmfestival.fi\/#\/schema\/logo\/image\/","url":"https:\/\/msfilmfestival.fi\/wp-content\/uploads\/2018\/06\/MSFF-LOGOx2-v2-e1496143012921.png","contentUrl":"https:\/\/msfilmfestival.fi\/wp-content\/uploads\/2018\/06\/MSFF-LOGOx2-v2-e1496143012921.png","width":957,"height":77,"caption":"Sodankyl\u00e4n elokuvajuhlat"},"image":{"@id":"https:\/\/msfilmfestival.fi\/#\/schema\/logo\/image\/"},"sameAs":["https:\/\/www.facebook.com\/MidnightSunFilmFestival\/","https:\/\/x.com\/msfilmfest","https:\/\/www.instagram.com\/midnightsunfilmfestival\/"]},{"@type":"Person","@id":"https:\/\/msfilmfestival.fi\/#\/schema\/person\/e4c0931f1b9c7bb242229ad5588cb158","name":"press","image":{"@type":"ImageObject","inLanguage":"en-US","@id":"https:\/\/msfilmfestival.fi\/#\/schema\/person\/image\/","url":"https:\/\/secure.gravatar.com\/avatar\/80d2a480d3ccf09c554578c586cb8c53?s=96&d=mm&r=g","contentUrl":"https:\/\/secure.gravatar.com\/avatar\/80d2a480d3ccf09c554578c586cb8c53?s=96&d=mm&r=g","caption":"press"},"sameAs":["https:\/\/msff.fi"],"url":"https:\/\/msfilmfestival.fi\/en\/author\/press\/"}]}},"_links":{"self":[{"href":"https:\/\/msfilmfestival.fi\/en\/wp-json\/wp\/v2\/posts\/23013","targetHints":{"allow":["GET"]}}],"collection":[{"href":"https:\/\/msfilmfestival.fi\/en\/wp-json\/wp\/v2\/posts"}],"about":[{"href":"https:\/\/msfilmfestival.fi\/en\/wp-json\/wp\/v2\/types\/post"}],"author":[{"embeddable":true,"href":"https:\/\/msfilmfestival.fi\/en\/wp-json\/wp\/v2\/users\/2"}],"replies":[{"embeddable":true,"href":"https:\/\/msfilmfestival.fi\/en\/wp-json\/wp\/v2\/comments?post=23013"}],"version-history":[{"count":2,"href":"https:\/\/msfilmfestival.fi\/en\/wp-json\/wp\/v2\/posts\/23013\/revisions"}],"predecessor-version":[{"id":23015,"href":"https:\/\/msfilmfestival.fi\/en\/wp-json\/wp\/v2\/posts\/23013\/revisions\/23015"}],"wp:featuredmedia":[{"embeddable":true,"href":"https:\/\/msfilmfestival.fi\/en\/wp-json\/wp\/v2\/media\/22930"}],"wp:attachment":[{"href":"https:\/\/msfilmfestival.fi\/en\/wp-json\/wp\/v2\/media?parent=23013"}],"wp:term":[{"taxonomy":"category","embeddable":true,"href":"https:\/\/msfilmfestival.fi\/en\/wp-json\/wp\/v2\/categories?post=23013"},{"taxonomy":"post_tag","embeddable":true,"href":"https:\/\/msfilmfestival.fi\/en\/wp-json\/wp\/v2\/tags?post=23013"}],"curies":[{"name":"wp","href":"https:\/\/api.w.org\/{rel}","templated":true}]}}