{"id":301,"date":"2016-06-17T15:11:49","date_gmt":"2016-06-17T12:11:49","guid":{"rendered":"http:\/\/msfilmfestival.fi\/?p=301"},"modified":"2018-06-20T00:44:15","modified_gmt":"2018-06-19T21:44:15","slug":"17-6-morning-discussion-jiri-menzel","status":"publish","type":"post","link":"https:\/\/msfilmfestival.fi\/en\/17-6-morning-discussion-jiri-menzel\/","title":{"rendered":"17.6. Morning Discussion With Ji\u0159\u00ed Menzel"},"content":{"rendered":"<p>The interviewee of Friday\u2019s traditional morning discussion at the Kitisenranta school was Ji\u0159\u00ed Menzel, one the most renowned directors of Czech New Wave. Interviewer Timo Malmi\u2019s first question concerned the 1938 born director\u2019s childhood, which was plagued first by the Nazi occupation and later by the rigid rules of the communist state. \u201cI had no idea we were living in an occupied country &#8211; there were just certain things that people were not allowed to say\u201d, the director reminisced and said that his mother was afraid that he would blurt out something forbidden in public.<\/p>\n<p>The son of an intellectual father, Menzel did not enjoy school and received low grades to the dismay of his father. The young man got involved with theatre, not as an actor but as a director, because \u201cif you are not good at anything, you can still direct others.\u201d Menzel received additional schooling while directing news films for the army in order to avoid conscription, as well as in Prague\u2019s famous film school where the period\u2019s highly-qualified professionals worked as teachers for additional income.<\/p>\n<p>Menzel was also asked how come the communist Czechoslovakia came to give rise to an entire new wave of cinema, although western films were not readily available in the country during that time. The director explained that the rules regulating filmmaking during the period were not unequivocally a bad thing, since the government controlled film industry was never short of funds. Also, according to him, \u201cunlimited freedom gives you the ability to do anything you want, and that is when you do not have to do anything at all\u201d. In other words, finding ways to bypass the censorship stimulated the directors\u2019 creativity. Menzel does not long for times past, although he does admit that he considers free love as a golden age for himself. \u201cAs well as for some ladies\u201d, he joked.<\/p>\n<p>Menzel won the best foreign film Academy Award for Closely Observed Trains (1966), but got in trouble after the 1968 occupation of Czechoslovakia. Larks on a String (1969) criticized the increasingly tight communist regime in a more radical manner and was completely banned, leading to Menzel becoming a nonperson in his own country for a period of several years. However, characterizing himself as a lazy worker, this did not hamper him. Still, he described the state of the country as \u201cOrwellian\u201d.<\/p>\n<p>The director also reminisced on his contemporaries, such as V\u011bra Chytilov\u00e1, to whom men were very attracted to, according to Menzel. He described Chytilov\u00e1\u2019s films as \u201creal art\u201d, in contrast to his own \u201cordinary\u201d films. As for Milo\u0161 Forman, whose good looks Menzel was jealous of, the director was asked where the particularly Czech brand of humour so characteristic of both directors\u2019 films stems from. Menzel described his philosophy: \u201cif a person is not capable of laughter, he is not capable of thought\u201d. His answer to the traditional question of a desert island film is exemplary of this philosophy: \u201cI would rather bring a girl with me!\u201d<\/p>\n","protected":false},"excerpt":{"rendered":"The interviewee of Friday\u2019s traditional morning discussion at the Kitisenranta school was Ji\u0159\u00ed Menzel, one the most renowned directors of Czech New Wave. Interviewer Timo Malmi\u2019s first question concerned the 1938 born director\u2019s childhood, which was plagued first by the Nazi occupation and later by the rigid rules of the communist state. \u201cI had no&#8230; <a class=\"view-article\" href=\"https:\/\/msfilmfestival.fi\/en\/17-6-morning-discussion-jiri-menzel\/\">View Article<\/a>","protected":false},"author":5,"featured_media":955,"comment_status":"closed","ping_status":"closed","sticky":false,"template":"","format":"standard","meta":{"_acf_changed":false,"footnotes":""},"categories":[114],"tags":[],"class_list":["post-301","post","type-post","status-publish","format-standard","has-post-thumbnail","hentry","category-morning-discussion"],"acf":[],"yoast_head":"<!-- This site is optimized with the Yoast SEO plugin v26.7 - https:\/\/yoast.com\/wordpress\/plugins\/seo\/ -->\n<title>17.6. Morning Discussion With Ji\u0159\u00ed Menzel &#8212; Midnight Sun Film Festival<\/title>\n<meta name=\"robots\" content=\"index, follow, max-snippet:-1, max-image-preview:large, max-video-preview:-1\" \/>\n<link rel=\"canonical\" href=\"https:\/\/msfilmfestival.fi\/en\/17-6-morning-discussion-jiri-menzel\/\" \/>\n<meta property=\"og:locale\" content=\"en_US\" \/>\n<meta property=\"og:type\" content=\"article\" \/>\n<meta property=\"og:title\" content=\"17.6. Morning Discussion With Ji\u0159\u00ed Menzel &#8212; Midnight Sun Film Festival\" \/>\n<meta property=\"og:description\" content=\"The interviewee of Friday\u2019s traditional morning discussion at the Kitisenranta school was Ji\u0159\u00ed Menzel, one the most renowned directors of Czech New Wave. Interviewer Timo Malmi\u2019s first question concerned the 1938 born director\u2019s childhood, which was plagued first by the Nazi occupation and later by the rigid rules of the communist state. \u201cI had no... View Article\" \/>\n<meta property=\"og:url\" content=\"https:\/\/msfilmfestival.fi\/en\/17-6-morning-discussion-jiri-menzel\/\" \/>\n<meta property=\"og:site_name\" content=\"Midnight Sun Film Festival\" \/>\n<meta property=\"article:publisher\" content=\"https:\/\/www.facebook.com\/MidnightSunFilmFestival\/\" \/>\n<meta property=\"article:published_time\" content=\"2016-06-17T12:11:49+00:00\" \/>\n<meta property=\"article:modified_time\" content=\"2018-06-19T21:44:15+00:00\" \/>\n<meta property=\"og:image\" content=\"https:\/\/msfilmfestival.fi\/wp-content\/uploads\/2016\/06\/Aamukeskustelu-Menzel-02-by-Ella-Karttunen-PIENI.jpg\" \/>\n\t<meta property=\"og:image:width\" content=\"500\" \/>\n\t<meta property=\"og:image:height\" content=\"333\" \/>\n\t<meta property=\"og:image:type\" content=\"image\/jpeg\" \/>\n<meta name=\"author\" content=\"toimisto\" \/>\n<meta name=\"twitter:card\" content=\"summary_large_image\" \/>\n<meta name=\"twitter:creator\" content=\"@msfilmfest\" \/>\n<meta name=\"twitter:site\" content=\"@msfilmfest\" \/>\n<meta name=\"twitter:label1\" content=\"Written by\" \/>\n\t<meta name=\"twitter:data1\" content=\"toimisto\" \/>\n\t<meta name=\"twitter:label2\" content=\"Est. reading time\" \/>\n\t<meta name=\"twitter:data2\" content=\"3 minutes\" \/>\n<script type=\"application\/ld+json\" class=\"yoast-schema-graph\">{\"@context\":\"https:\/\/schema.org\",\"@graph\":[{\"@type\":\"Article\",\"@id\":\"https:\/\/msfilmfestival.fi\/en\/17-6-morning-discussion-jiri-menzel\/#article\",\"isPartOf\":{\"@id\":\"https:\/\/msfilmfestival.fi\/en\/17-6-morning-discussion-jiri-menzel\/\"},\"author\":{\"name\":\"toimisto\",\"@id\":\"https:\/\/msfilmfestival.fi\/#\/schema\/person\/22ea0ddaff8358b1b5ee1c296543891b\"},\"headline\":\"17.6. Morning Discussion With Ji\u0159\u00ed Menzel\",\"datePublished\":\"2016-06-17T12:11:49+00:00\",\"dateModified\":\"2018-06-19T21:44:15+00:00\",\"mainEntityOfPage\":{\"@id\":\"https:\/\/msfilmfestival.fi\/en\/17-6-morning-discussion-jiri-menzel\/\"},\"wordCount\":507,\"publisher\":{\"@id\":\"https:\/\/msfilmfestival.fi\/#organization\"},\"image\":{\"@id\":\"https:\/\/msfilmfestival.fi\/en\/17-6-morning-discussion-jiri-menzel\/#primaryimage\"},\"thumbnailUrl\":\"https:\/\/msfilmfestival.fi\/wp-content\/uploads\/2016\/06\/Aamukeskustelu-Menzel-02-by-Ella-Karttunen-PIENI.jpg\",\"articleSection\":[\"Morning discussion\"],\"inLanguage\":\"en-US\"},{\"@type\":\"WebPage\",\"@id\":\"https:\/\/msfilmfestival.fi\/en\/17-6-morning-discussion-jiri-menzel\/\",\"url\":\"https:\/\/msfilmfestival.fi\/en\/17-6-morning-discussion-jiri-menzel\/\",\"name\":\"17.6. Morning Discussion With Ji\u0159\u00ed Menzel &#8212; Midnight Sun Film Festival\",\"isPartOf\":{\"@id\":\"https:\/\/msfilmfestival.fi\/#website\"},\"primaryImageOfPage\":{\"@id\":\"https:\/\/msfilmfestival.fi\/en\/17-6-morning-discussion-jiri-menzel\/#primaryimage\"},\"image\":{\"@id\":\"https:\/\/msfilmfestival.fi\/en\/17-6-morning-discussion-jiri-menzel\/#primaryimage\"},\"thumbnailUrl\":\"https:\/\/msfilmfestival.fi\/wp-content\/uploads\/2016\/06\/Aamukeskustelu-Menzel-02-by-Ella-Karttunen-PIENI.jpg\",\"datePublished\":\"2016-06-17T12:11:49+00:00\",\"dateModified\":\"2018-06-19T21:44:15+00:00\",\"breadcrumb\":{\"@id\":\"https:\/\/msfilmfestival.fi\/en\/17-6-morning-discussion-jiri-menzel\/#breadcrumb\"},\"inLanguage\":\"en-US\",\"potentialAction\":[{\"@type\":\"ReadAction\",\"target\":[\"https:\/\/msfilmfestival.fi\/en\/17-6-morning-discussion-jiri-menzel\/\"]}]},{\"@type\":\"ImageObject\",\"inLanguage\":\"en-US\",\"@id\":\"https:\/\/msfilmfestival.fi\/en\/17-6-morning-discussion-jiri-menzel\/#primaryimage\",\"url\":\"https:\/\/msfilmfestival.fi\/wp-content\/uploads\/2016\/06\/Aamukeskustelu-Menzel-02-by-Ella-Karttunen-PIENI.jpg\",\"contentUrl\":\"https:\/\/msfilmfestival.fi\/wp-content\/uploads\/2016\/06\/Aamukeskustelu-Menzel-02-by-Ella-Karttunen-PIENI.jpg\",\"width\":500,\"height\":333},{\"@type\":\"BreadcrumbList\",\"@id\":\"https:\/\/msfilmfestival.fi\/en\/17-6-morning-discussion-jiri-menzel\/#breadcrumb\",\"itemListElement\":[{\"@type\":\"ListItem\",\"position\":1,\"name\":\"Etusivu\",\"item\":\"https:\/\/msfilmfestival.fi\/en\/\"},{\"@type\":\"ListItem\",\"position\":2,\"name\":\"Morning discussion\",\"item\":\"https:\/\/msfilmfestival.fi\/en\/category\/morning-discussion\/\"},{\"@type\":\"ListItem\",\"position\":3,\"name\":\"17.6. Morning Discussion With Ji\u0159\u00ed Menzel\"}]},{\"@type\":\"WebSite\",\"@id\":\"https:\/\/msfilmfestival.fi\/#website\",\"url\":\"https:\/\/msfilmfestival.fi\/\",\"name\":\"Midnight Sun Film Festival\",\"description\":\"Midnight Sun Film Festival - Sodankyl\u00e4n Elokuvajuhlat\",\"publisher\":{\"@id\":\"https:\/\/msfilmfestival.fi\/#organization\"},\"potentialAction\":[{\"@type\":\"SearchAction\",\"target\":{\"@type\":\"EntryPoint\",\"urlTemplate\":\"https:\/\/msfilmfestival.fi\/?s={search_term_string}\"},\"query-input\":{\"@type\":\"PropertyValueSpecification\",\"valueRequired\":true,\"valueName\":\"search_term_string\"}}],\"inLanguage\":\"en-US\"},{\"@type\":\"Organization\",\"@id\":\"https:\/\/msfilmfestival.fi\/#organization\",\"name\":\"Sodankyl\u00e4n elokuvajuhlat\",\"url\":\"https:\/\/msfilmfestival.fi\/\",\"logo\":{\"@type\":\"ImageObject\",\"inLanguage\":\"en-US\",\"@id\":\"https:\/\/msfilmfestival.fi\/#\/schema\/logo\/image\/\",\"url\":\"https:\/\/msfilmfestival.fi\/wp-content\/uploads\/2018\/06\/MSFF-LOGOx2-v2-e1496143012921.png\",\"contentUrl\":\"https:\/\/msfilmfestival.fi\/wp-content\/uploads\/2018\/06\/MSFF-LOGOx2-v2-e1496143012921.png\",\"width\":957,\"height\":77,\"caption\":\"Sodankyl\u00e4n elokuvajuhlat\"},\"image\":{\"@id\":\"https:\/\/msfilmfestival.fi\/#\/schema\/logo\/image\/\"},\"sameAs\":[\"https:\/\/www.facebook.com\/MidnightSunFilmFestival\/\",\"https:\/\/x.com\/msfilmfest\",\"https:\/\/www.instagram.com\/midnightsunfilmfestival\/\"]},{\"@type\":\"Person\",\"@id\":\"https:\/\/msfilmfestival.fi\/#\/schema\/person\/22ea0ddaff8358b1b5ee1c296543891b\",\"name\":\"toimisto\",\"image\":{\"@type\":\"ImageObject\",\"inLanguage\":\"en-US\",\"@id\":\"https:\/\/msfilmfestival.fi\/#\/schema\/person\/image\/\",\"url\":\"https:\/\/secure.gravatar.com\/avatar\/849333f8f56bda7d49f30b407137c2b9?s=96&d=mm&r=g\",\"contentUrl\":\"https:\/\/secure.gravatar.com\/avatar\/849333f8f56bda7d49f30b407137c2b9?s=96&d=mm&r=g\",\"caption\":\"toimisto\"},\"url\":\"https:\/\/msfilmfestival.fi\/en\/author\/toimisto\/\"}]}<\/script>\n<!-- \/ Yoast SEO plugin. -->","yoast_head_json":{"title":"17.6. Morning Discussion With Ji\u0159\u00ed Menzel &#8212; Midnight Sun Film Festival","robots":{"index":"index","follow":"follow","max-snippet":"max-snippet:-1","max-image-preview":"max-image-preview:large","max-video-preview":"max-video-preview:-1"},"canonical":"https:\/\/msfilmfestival.fi\/en\/17-6-morning-discussion-jiri-menzel\/","og_locale":"en_US","og_type":"article","og_title":"17.6. Morning Discussion With Ji\u0159\u00ed Menzel &#8212; Midnight Sun Film Festival","og_description":"The interviewee of Friday\u2019s traditional morning discussion at the Kitisenranta school was Ji\u0159\u00ed Menzel, one the most renowned directors of Czech New Wave. Interviewer Timo Malmi\u2019s first question concerned the 1938 born director\u2019s childhood, which was plagued first by the Nazi occupation and later by the rigid rules of the communist state. \u201cI had no... View Article","og_url":"https:\/\/msfilmfestival.fi\/en\/17-6-morning-discussion-jiri-menzel\/","og_site_name":"Midnight Sun Film Festival","article_publisher":"https:\/\/www.facebook.com\/MidnightSunFilmFestival\/","article_published_time":"2016-06-17T12:11:49+00:00","article_modified_time":"2018-06-19T21:44:15+00:00","og_image":[{"width":500,"height":333,"url":"https:\/\/msfilmfestival.fi\/wp-content\/uploads\/2016\/06\/Aamukeskustelu-Menzel-02-by-Ella-Karttunen-PIENI.jpg","type":"image\/jpeg"}],"author":"toimisto","twitter_card":"summary_large_image","twitter_creator":"@msfilmfest","twitter_site":"@msfilmfest","twitter_misc":{"Written by":"toimisto","Est. reading time":"3 minutes"},"schema":{"@context":"https:\/\/schema.org","@graph":[{"@type":"Article","@id":"https:\/\/msfilmfestival.fi\/en\/17-6-morning-discussion-jiri-menzel\/#article","isPartOf":{"@id":"https:\/\/msfilmfestival.fi\/en\/17-6-morning-discussion-jiri-menzel\/"},"author":{"name":"toimisto","@id":"https:\/\/msfilmfestival.fi\/#\/schema\/person\/22ea0ddaff8358b1b5ee1c296543891b"},"headline":"17.6. Morning Discussion With Ji\u0159\u00ed Menzel","datePublished":"2016-06-17T12:11:49+00:00","dateModified":"2018-06-19T21:44:15+00:00","mainEntityOfPage":{"@id":"https:\/\/msfilmfestival.fi\/en\/17-6-morning-discussion-jiri-menzel\/"},"wordCount":507,"publisher":{"@id":"https:\/\/msfilmfestival.fi\/#organization"},"image":{"@id":"https:\/\/msfilmfestival.fi\/en\/17-6-morning-discussion-jiri-menzel\/#primaryimage"},"thumbnailUrl":"https:\/\/msfilmfestival.fi\/wp-content\/uploads\/2016\/06\/Aamukeskustelu-Menzel-02-by-Ella-Karttunen-PIENI.jpg","articleSection":["Morning discussion"],"inLanguage":"en-US"},{"@type":"WebPage","@id":"https:\/\/msfilmfestival.fi\/en\/17-6-morning-discussion-jiri-menzel\/","url":"https:\/\/msfilmfestival.fi\/en\/17-6-morning-discussion-jiri-menzel\/","name":"17.6. Morning Discussion With Ji\u0159\u00ed Menzel &#8212; Midnight Sun Film Festival","isPartOf":{"@id":"https:\/\/msfilmfestival.fi\/#website"},"primaryImageOfPage":{"@id":"https:\/\/msfilmfestival.fi\/en\/17-6-morning-discussion-jiri-menzel\/#primaryimage"},"image":{"@id":"https:\/\/msfilmfestival.fi\/en\/17-6-morning-discussion-jiri-menzel\/#primaryimage"},"thumbnailUrl":"https:\/\/msfilmfestival.fi\/wp-content\/uploads\/2016\/06\/Aamukeskustelu-Menzel-02-by-Ella-Karttunen-PIENI.jpg","datePublished":"2016-06-17T12:11:49+00:00","dateModified":"2018-06-19T21:44:15+00:00","breadcrumb":{"@id":"https:\/\/msfilmfestival.fi\/en\/17-6-morning-discussion-jiri-menzel\/#breadcrumb"},"inLanguage":"en-US","potentialAction":[{"@type":"ReadAction","target":["https:\/\/msfilmfestival.fi\/en\/17-6-morning-discussion-jiri-menzel\/"]}]},{"@type":"ImageObject","inLanguage":"en-US","@id":"https:\/\/msfilmfestival.fi\/en\/17-6-morning-discussion-jiri-menzel\/#primaryimage","url":"https:\/\/msfilmfestival.fi\/wp-content\/uploads\/2016\/06\/Aamukeskustelu-Menzel-02-by-Ella-Karttunen-PIENI.jpg","contentUrl":"https:\/\/msfilmfestival.fi\/wp-content\/uploads\/2016\/06\/Aamukeskustelu-Menzel-02-by-Ella-Karttunen-PIENI.jpg","width":500,"height":333},{"@type":"BreadcrumbList","@id":"https:\/\/msfilmfestival.fi\/en\/17-6-morning-discussion-jiri-menzel\/#breadcrumb","itemListElement":[{"@type":"ListItem","position":1,"name":"Etusivu","item":"https:\/\/msfilmfestival.fi\/en\/"},{"@type":"ListItem","position":2,"name":"Morning discussion","item":"https:\/\/msfilmfestival.fi\/en\/category\/morning-discussion\/"},{"@type":"ListItem","position":3,"name":"17.6. Morning Discussion With Ji\u0159\u00ed Menzel"}]},{"@type":"WebSite","@id":"https:\/\/msfilmfestival.fi\/#website","url":"https:\/\/msfilmfestival.fi\/","name":"Midnight Sun Film Festival","description":"Midnight Sun Film Festival - Sodankyl\u00e4n Elokuvajuhlat","publisher":{"@id":"https:\/\/msfilmfestival.fi\/#organization"},"potentialAction":[{"@type":"SearchAction","target":{"@type":"EntryPoint","urlTemplate":"https:\/\/msfilmfestival.fi\/?s={search_term_string}"},"query-input":{"@type":"PropertyValueSpecification","valueRequired":true,"valueName":"search_term_string"}}],"inLanguage":"en-US"},{"@type":"Organization","@id":"https:\/\/msfilmfestival.fi\/#organization","name":"Sodankyl\u00e4n elokuvajuhlat","url":"https:\/\/msfilmfestival.fi\/","logo":{"@type":"ImageObject","inLanguage":"en-US","@id":"https:\/\/msfilmfestival.fi\/#\/schema\/logo\/image\/","url":"https:\/\/msfilmfestival.fi\/wp-content\/uploads\/2018\/06\/MSFF-LOGOx2-v2-e1496143012921.png","contentUrl":"https:\/\/msfilmfestival.fi\/wp-content\/uploads\/2018\/06\/MSFF-LOGOx2-v2-e1496143012921.png","width":957,"height":77,"caption":"Sodankyl\u00e4n elokuvajuhlat"},"image":{"@id":"https:\/\/msfilmfestival.fi\/#\/schema\/logo\/image\/"},"sameAs":["https:\/\/www.facebook.com\/MidnightSunFilmFestival\/","https:\/\/x.com\/msfilmfest","https:\/\/www.instagram.com\/midnightsunfilmfestival\/"]},{"@type":"Person","@id":"https:\/\/msfilmfestival.fi\/#\/schema\/person\/22ea0ddaff8358b1b5ee1c296543891b","name":"toimisto","image":{"@type":"ImageObject","inLanguage":"en-US","@id":"https:\/\/msfilmfestival.fi\/#\/schema\/person\/image\/","url":"https:\/\/secure.gravatar.com\/avatar\/849333f8f56bda7d49f30b407137c2b9?s=96&d=mm&r=g","contentUrl":"https:\/\/secure.gravatar.com\/avatar\/849333f8f56bda7d49f30b407137c2b9?s=96&d=mm&r=g","caption":"toimisto"},"url":"https:\/\/msfilmfestival.fi\/en\/author\/toimisto\/"}]}},"_links":{"self":[{"href":"https:\/\/msfilmfestival.fi\/en\/wp-json\/wp\/v2\/posts\/301","targetHints":{"allow":["GET"]}}],"collection":[{"href":"https:\/\/msfilmfestival.fi\/en\/wp-json\/wp\/v2\/posts"}],"about":[{"href":"https:\/\/msfilmfestival.fi\/en\/wp-json\/wp\/v2\/types\/post"}],"author":[{"embeddable":true,"href":"https:\/\/msfilmfestival.fi\/en\/wp-json\/wp\/v2\/users\/5"}],"replies":[{"embeddable":true,"href":"https:\/\/msfilmfestival.fi\/en\/wp-json\/wp\/v2\/comments?post=301"}],"version-history":[{"count":1,"href":"https:\/\/msfilmfestival.fi\/en\/wp-json\/wp\/v2\/posts\/301\/revisions"}],"predecessor-version":[{"id":302,"href":"https:\/\/msfilmfestival.fi\/en\/wp-json\/wp\/v2\/posts\/301\/revisions\/302"}],"wp:featuredmedia":[{"embeddable":true,"href":"https:\/\/msfilmfestival.fi\/en\/wp-json\/wp\/v2\/media\/955"}],"wp:attachment":[{"href":"https:\/\/msfilmfestival.fi\/en\/wp-json\/wp\/v2\/media?parent=301"}],"wp:term":[{"taxonomy":"category","embeddable":true,"href":"https:\/\/msfilmfestival.fi\/en\/wp-json\/wp\/v2\/categories?post=301"},{"taxonomy":"post_tag","embeddable":true,"href":"https:\/\/msfilmfestival.fi\/en\/wp-json\/wp\/v2\/tags?post=301"}],"curies":[{"name":"wp","href":"https:\/\/api.w.org\/{rel}","templated":true}]}}